{"id":1298,"date":"2021-05-14T19:35:13","date_gmt":"2021-05-14T19:35:13","guid":{"rendered":"https:\/\/atl-logistique.com\/?p=1298"},"modified":"2021-06-29T18:15:58","modified_gmt":"2021-06-29T18:15:58","slug":"invitation-au-senegal","status":"publish","type":"post","link":"https:\/\/atl-logistique.com\/en\/invitation-au-senegal\/","title":{"rendered":"Invitation to Senegal"},"content":{"rendered":"<p class=\"wp-block-paragraph\">Dear partners,<\/p>\n\n\n\n<p class=\"wp-block-paragraph translation-block\">We invite you to the Senegal - Slovenia economic relations promotion forum with the presence of many Slovenian and Senegalese companies and businessmen, mayors, representatives of government institutions of the Republic of Senegal and eminent personalities. This meeting will be held from November 21 to 24, 2021 in Dakar.<\/p>\n\n\n\n<p class=\"wp-block-paragraph\">In order to get to know this country better, following the program of the forum, we invite you to take the time from November 24 to 28, 2021 to take a look at the commercial and tourist environment of this country.\n\nPlease find attached the registration form for the forum, the program and a tour through Senegal as well as other necessary information.<\/p>\n\n\n\n<p class=\"wp-block-paragraph\">Contact us for any further information<\/p>\n\n\n\n<div class=\"wp-block-buttons is-content-justification-center is-layout-flex wp-block-buttons-is-layout-flex\">\n<div class=\"wp-block-button is-style-outline is-style-outline--1\"><a class=\"wp-block-button__link has-vivid-red-color has-white-background-color has-text-color has-background\" href=\"https:\/\/atl-logistique.com\/en\/nous-contacter\/\">CONTACT US<\/a><\/div>\n<\/div>\n\n\n\n<hr class=\"wp-block-separator is-style-wide\"\/>\n\n\n\n<h2 class=\"wp-block-heading\" style=\"font-size:26px\">SENEGAL - SLOVENIA ECONOMIC RELATIONS PROMOTION FORUM<\/h2>\n\n\n\n<div style=\"height:22px\" aria-hidden=\"true\" class=\"wp-block-spacer\"><\/div>\n\n\n\n<div class=\"wp-block-image\"><figure class=\"aligncenter size-large is-resized\"><img loading=\"lazy\" decoding=\"async\" src=\"https:\/\/atl-logistique.com\/wp-content\/uploads\/2021\/05\/image004.jpg\" alt=\"\" class=\"wp-image-1317\" width=\"473\" height=\"355\" srcset=\"https:\/\/atl-logistique.com\/wp-content\/uploads\/2021\/05\/image004.jpg 473w, https:\/\/atl-logistique.com\/wp-content\/uploads\/2021\/05\/image004-300x225.jpg 300w, https:\/\/atl-logistique.com\/wp-content\/uploads\/2021\/05\/image004-16x12.jpg 16w\" sizes=\"auto, (max-width: 473px) 100vw, 473px\" \/><\/figure><\/div>\n\n\n\n<p class=\"wp-block-paragraph\">After the first successful meeting in Ljubljana (picture) and the agreements that have already led to successful deals, we set out on a trip to Africa for a multi-day business forum in Senegal.<\/p>\n\n\n\n<p class=\"wp-block-paragraph\">The organization of this forum from 21 to 24 November 2021 (Sunday - Wednesday) in the capital of Senegal Dakar includes:<\/p>\n\n\n\n<ul class=\"wp-block-list\"><li>- transport from Ljubljana to the airport in Slovenia or neighboring countrie and back to Slovenia on the way back.<\/li><li>- return flight Europe\u2013Dakar in economy class, maximum one stopover, (including airline ticket, airfare, one piece of manual and one piece of checked luggage up to 20 kg),<\/li><\/ul>\n\n\n\n<div class=\"wp-block-image\"><figure class=\"aligncenter size-large is-resized\"><img loading=\"lazy\" decoding=\"async\" src=\"https:\/\/atl-logistique.com\/wp-content\/uploads\/2021\/05\/victor-rutka-IfAt3AVzpE8-unsplash_400x267.jpg\" alt=\"\" class=\"wp-image-1319\" width=\"400\" height=\"267\" srcset=\"https:\/\/atl-logistique.com\/wp-content\/uploads\/2021\/05\/victor-rutka-IfAt3AVzpE8-unsplash_400x267.jpg 400w, https:\/\/atl-logistique.com\/wp-content\/uploads\/2021\/05\/victor-rutka-IfAt3AVzpE8-unsplash_400x267-300x200.jpg 300w, https:\/\/atl-logistique.com\/wp-content\/uploads\/2021\/05\/victor-rutka-IfAt3AVzpE8-unsplash_400x267-16x12.jpg 16w\" sizes=\"auto, (max-width: 400px) 100vw, 400px\" \/><\/figure><\/div>\n\n\n\n<ul class=\"wp-block-list\"><li>- Accommodation in double rooms in the hotel, where there will be a forum (TWC, TV, WI-FI), breakfasts, lunches, dinners.<\/li><li>- congress hall and meeting rooms, coffee, snacks (more information is in the forum program).<\/li><\/ul>\n\n\n\n<p class=\"wp-block-paragraph\">The price of participation at the forum is 1190 EUR. In addition to the above listed services the registration fee is included.<\/p>\n\n\n\n<p class=\"wp-block-paragraph\">We recommend to the forum participants: Continuation of meetings with business partners and getting to know the NW part of the country:<\/p>\n\n\n\n<p class=\"wp-block-paragraph\"><strong>Visit the capital DAKAR and the historic island of Goree, Pink Lake<\/strong><\/p>\n\n\n\n<p class=\"wp-block-paragraph\"><strong><strong>November 24, day 4: DAKAR - PINK LAKE (Lac Rose)<\/strong><\/strong><\/p>\n\n\n\n<div class=\"wp-block-image\"><figure class=\"aligncenter size-large is-resized\"><img loading=\"lazy\" decoding=\"async\" src=\"https:\/\/atl-logistique.com\/wp-content\/uploads\/2021\/05\/african_renaissance_monument.jpg\" alt=\"\" class=\"wp-image-1324\" width=\"400\" height=\"268\" srcset=\"https:\/\/atl-logistique.com\/wp-content\/uploads\/2021\/05\/african_renaissance_monument.jpg 400w, https:\/\/atl-logistique.com\/wp-content\/uploads\/2021\/05\/african_renaissance_monument-300x201.jpg 300w, https:\/\/atl-logistique.com\/wp-content\/uploads\/2021\/05\/african_renaissance_monument-16x12.jpg 16w\" sizes=\"auto, (max-width: 400px) 100vw, 400px\" \/><\/figure><\/div>\n\n\n\n<p class=\"wp-block-paragraph\">Breakfast at the hotel. Visit the largest city and the administrative center of Senegal: Independence Square, the Parliament, the Palace of the Republic. Visit the Kermel and Sandaga markets. From typical Senegalese food and spices to handicrafts and flea market. Despite modernization and development, markets are important part of the pulse of all African cities.\nPath continues past the University, residential areas and to the African Renaissance Monument. (depending on the location of the hotel, the order of visits may be different).<\/p>\n\n\n\n<p class=\"wp-block-paragraph\">Continue to the island of Gor\u00e9e and visit the Slave House and learn about the importance of the island for the history of the continents on both sides of the ocean. Possibility to spend short free time on the beach.<br>Continue to Pink Lake. Accommodation in hotel CHEZ SALIM. Overnight.<br>Included: breakfast, lunch on the island, dinner at the hotel.<\/p>\n\n\n\n<div class=\"wp-block-columns is-layout-flex wp-container-core-columns-is-layout-8f761849 wp-block-columns-is-layout-flex\">\n<div class=\"wp-block-column is-layout-flow wp-block-column-is-layout-flow\" style=\"flex-basis:100%\">\n<div class=\"wp-block-columns is-layout-flex wp-container-core-columns-is-layout-8f761849 wp-block-columns-is-layout-flex\">\n<div class=\"wp-block-column is-layout-flow wp-block-column-is-layout-flow\" style=\"flex-basis:100%\">\n<figure class=\"wp-block-gallery columns-2 is-cropped wp-block-gallery-2 is-layout-flex wp-block-gallery-is-layout-flex\"><ul class=\"blocks-gallery-grid\"><li class=\"blocks-gallery-item\"><figure><img loading=\"lazy\" decoding=\"async\" width=\"1000\" height=\"563\" src=\"https:\/\/atl-logistique.com\/wp-content\/uploads\/2021\/05\/eyelit-studio-2ew_aw99x28-unsplash.jpg\" alt=\"\" data-id=\"1325\" data-full-url=\"https:\/\/atl-logistique.com\/wp-content\/uploads\/2021\/05\/eyelit-studio-2ew_aw99x28-unsplash.jpg\" data-link=\"https:\/\/atl-logistique.com\/invitation-au-senegal\/lavc57-93-100-3\/\" class=\"wp-image-1325\" srcset=\"https:\/\/atl-logistique.com\/wp-content\/uploads\/2021\/05\/eyelit-studio-2ew_aw99x28-unsplash.jpg 1000w, https:\/\/atl-logistique.com\/wp-content\/uploads\/2021\/05\/eyelit-studio-2ew_aw99x28-unsplash-300x169.jpg 300w, https:\/\/atl-logistique.com\/wp-content\/uploads\/2021\/05\/eyelit-studio-2ew_aw99x28-unsplash-768x432.jpg 768w, https:\/\/atl-logistique.com\/wp-content\/uploads\/2021\/05\/eyelit-studio-2ew_aw99x28-unsplash-16x9.jpg 16w\" sizes=\"auto, (max-width: 1000px) 100vw, 1000px\" \/><figcaption class=\"blocks-gallery-item__caption\">Lavc57.93.100<\/figcaption><\/figure><\/li><li class=\"blocks-gallery-item\"><figure><img loading=\"lazy\" decoding=\"async\" width=\"1000\" height=\"1000\" src=\"https:\/\/atl-logistique.com\/wp-content\/uploads\/2021\/05\/francesca-noemi-marconi-PJdsv09Ep5c-unsplash.jpg\" alt=\"\" data-id=\"1326\" data-full-url=\"https:\/\/atl-logistique.com\/wp-content\/uploads\/2021\/05\/francesca-noemi-marconi-PJdsv09Ep5c-unsplash.jpg\" data-link=\"https:\/\/atl-logistique.com\/invitation-au-senegal\/lavc57-93-100-4\/\" class=\"wp-image-1326\" srcset=\"https:\/\/atl-logistique.com\/wp-content\/uploads\/2021\/05\/francesca-noemi-marconi-PJdsv09Ep5c-unsplash.jpg 1000w, https:\/\/atl-logistique.com\/wp-content\/uploads\/2021\/05\/francesca-noemi-marconi-PJdsv09Ep5c-unsplash-300x300.jpg 300w, https:\/\/atl-logistique.com\/wp-content\/uploads\/2021\/05\/francesca-noemi-marconi-PJdsv09Ep5c-unsplash-150x150.jpg 150w, https:\/\/atl-logistique.com\/wp-content\/uploads\/2021\/05\/francesca-noemi-marconi-PJdsv09Ep5c-unsplash-768x768.jpg 768w, https:\/\/atl-logistique.com\/wp-content\/uploads\/2021\/05\/francesca-noemi-marconi-PJdsv09Ep5c-unsplash-12x12.jpg 12w\" sizes=\"auto, (max-width: 1000px) 100vw, 1000px\" \/><figcaption class=\"blocks-gallery-item__caption\">Lavc57.93.100<\/figcaption><\/figure><\/li><\/ul><\/figure>\n<\/div>\n<\/div>\n<\/div>\n<\/div>\n\n\n\n<h4 class=\"wp-block-heading\"><strong>25.11 Day 5: PINK LAKE - LOMPOUL<\/strong><\/h4>\n\n\n\n<div style=\"height:22px\" aria-hidden=\"true\" class=\"wp-block-spacer\"><\/div>\n\n\n\n<figure class=\"wp-block-gallery columns-3 is-cropped wp-block-gallery-3 is-layout-flex wp-block-gallery-is-layout-flex\"><ul class=\"blocks-gallery-grid\"><li class=\"blocks-gallery-item\"><figure><img loading=\"lazy\" decoding=\"async\" width=\"1000\" height=\"667\" src=\"https:\/\/atl-logistique.com\/wp-content\/uploads\/2021\/05\/Lac-Rose-of-Senegal-aliunix-PnTVEMOJtLo-unsplash.jpg\" alt=\"\" data-id=\"1330\" data-full-url=\"https:\/\/atl-logistique.com\/wp-content\/uploads\/2021\/05\/Lac-Rose-of-Senegal-aliunix-PnTVEMOJtLo-unsplash.jpg\" data-link=\"https:\/\/atl-logistique.com\/invitation-au-senegal\/lavc57-93-100-5\/\" class=\"wp-image-1330\" srcset=\"https:\/\/atl-logistique.com\/wp-content\/uploads\/2021\/05\/Lac-Rose-of-Senegal-aliunix-PnTVEMOJtLo-unsplash.jpg 1000w, https:\/\/atl-logistique.com\/wp-content\/uploads\/2021\/05\/Lac-Rose-of-Senegal-aliunix-PnTVEMOJtLo-unsplash-300x200.jpg 300w, https:\/\/atl-logistique.com\/wp-content\/uploads\/2021\/05\/Lac-Rose-of-Senegal-aliunix-PnTVEMOJtLo-unsplash-768x512.jpg 768w, https:\/\/atl-logistique.com\/wp-content\/uploads\/2021\/05\/Lac-Rose-of-Senegal-aliunix-PnTVEMOJtLo-unsplash-16x12.jpg 16w\" sizes=\"auto, (max-width: 1000px) 100vw, 1000px\" \/><\/figure><\/li><li class=\"blocks-gallery-item\"><figure><img loading=\"lazy\" decoding=\"async\" width=\"1000\" height=\"667\" src=\"https:\/\/atl-logistique.com\/wp-content\/uploads\/2021\/05\/jeremy-bishop-tqG48KOMKfY-unsplash.jpg\" alt=\"\" data-id=\"1331\" data-full-url=\"https:\/\/atl-logistique.com\/wp-content\/uploads\/2021\/05\/jeremy-bishop-tqG48KOMKfY-unsplash.jpg\" data-link=\"https:\/\/atl-logistique.com\/invitation-au-senegal\/lavc57-93-100-6\/\" class=\"wp-image-1331\" srcset=\"https:\/\/atl-logistique.com\/wp-content\/uploads\/2021\/05\/jeremy-bishop-tqG48KOMKfY-unsplash.jpg 1000w, https:\/\/atl-logistique.com\/wp-content\/uploads\/2021\/05\/jeremy-bishop-tqG48KOMKfY-unsplash-300x200.jpg 300w, https:\/\/atl-logistique.com\/wp-content\/uploads\/2021\/05\/jeremy-bishop-tqG48KOMKfY-unsplash-768x512.jpg 768w, https:\/\/atl-logistique.com\/wp-content\/uploads\/2021\/05\/jeremy-bishop-tqG48KOMKfY-unsplash-16x12.jpg 16w\" sizes=\"auto, (max-width: 1000px) 100vw, 1000px\" \/><\/figure><\/li><li class=\"blocks-gallery-item\"><figure><img loading=\"lazy\" decoding=\"async\" width=\"1000\" height=\"1000\" src=\"https:\/\/atl-logistique.com\/wp-content\/uploads\/2021\/05\/curioso-photography-lnbR0E65Yn4-unsplash.jpg\" alt=\"\" data-id=\"1332\" data-full-url=\"https:\/\/atl-logistique.com\/wp-content\/uploads\/2021\/05\/curioso-photography-lnbR0E65Yn4-unsplash.jpg\" data-link=\"https:\/\/atl-logistique.com\/invitation-au-senegal\/lavc57-93-100-7\/\" class=\"wp-image-1332\" srcset=\"https:\/\/atl-logistique.com\/wp-content\/uploads\/2021\/05\/curioso-photography-lnbR0E65Yn4-unsplash.jpg 1000w, https:\/\/atl-logistique.com\/wp-content\/uploads\/2021\/05\/curioso-photography-lnbR0E65Yn4-unsplash-300x300.jpg 300w, https:\/\/atl-logistique.com\/wp-content\/uploads\/2021\/05\/curioso-photography-lnbR0E65Yn4-unsplash-150x150.jpg 150w, https:\/\/atl-logistique.com\/wp-content\/uploads\/2021\/05\/curioso-photography-lnbR0E65Yn4-unsplash-768x768.jpg 768w, https:\/\/atl-logistique.com\/wp-content\/uploads\/2021\/05\/curioso-photography-lnbR0E65Yn4-unsplash-12x12.jpg 12w\" sizes=\"auto, (max-width: 1000px) 100vw, 1000px\" \/><\/figure><\/li><\/ul><\/figure>\n\n\n\n<p class=\"wp-block-paragraph\">Morning visit to Rose Lake Retba. The lake is a large shallow lagoon, only 100 m away from the ocean and surrounded by dunes and casuarina trees (Filaos).<br>Our program also includes meeting and socializing with the locals: You will visit Fulani in their houses and get to know life in the villages that surround the lake;<\/p>\n\n\n\n<p class=\"wp-block-paragraph\">See how they extract salt from lake water. Continue to Lompoul. Overnight under comfortable desert tents. Included: breakfast, lunch, dinner.<\/p>\n\n\n\n<div class=\"wp-block-image\"><figure class=\"aligncenter size-large is-resized\"><img loading=\"lazy\" decoding=\"async\" src=\"https:\/\/atl-logistique.com\/wp-content\/uploads\/2021\/05\/vince-gx-LVySYSIVp3Q-unsplash.jpg\" alt=\"\" class=\"wp-image-1333\" width=\"750\" height=\"412\" srcset=\"https:\/\/atl-logistique.com\/wp-content\/uploads\/2021\/05\/vince-gx-LVySYSIVp3Q-unsplash.jpg 1000w, https:\/\/atl-logistique.com\/wp-content\/uploads\/2021\/05\/vince-gx-LVySYSIVp3Q-unsplash-300x165.jpg 300w, https:\/\/atl-logistique.com\/wp-content\/uploads\/2021\/05\/vince-gx-LVySYSIVp3Q-unsplash-768x422.jpg 768w, https:\/\/atl-logistique.com\/wp-content\/uploads\/2021\/05\/vince-gx-LVySYSIVp3Q-unsplash-16x9.jpg 16w\" sizes=\"auto, (max-width: 750px) 100vw, 750px\" \/><\/figure><\/div>\n\n\n\n<p class=\"wp-block-paragraph translation-block\">26.11 days 6: LOMPOUL<\/p>\n\n\n\n<h4 class=\"wp-block-heading\"><strong>27.11 day 7: SAINT LOUIS - LANGUE DE BARBARIE - SALY<\/strong><\/h4>\n\n\n\n<div style=\"height:22px\" aria-hidden=\"true\" class=\"wp-block-spacer\"><\/div>\n\n\n\n<div class=\"wp-block-image\"><figure class=\"aligncenter size-large is-resized\"><img loading=\"lazy\" decoding=\"async\" src=\"https:\/\/atl-logistique.com\/wp-content\/uploads\/2021\/05\/senegal_aliunix-_koULE70YbQ-unsplash.jpg\" alt=\"\" class=\"wp-image-1334\" width=\"750\" height=\"500\" srcset=\"https:\/\/atl-logistique.com\/wp-content\/uploads\/2021\/05\/senegal_aliunix-_koULE70YbQ-unsplash.jpg 1000w, https:\/\/atl-logistique.com\/wp-content\/uploads\/2021\/05\/senegal_aliunix-_koULE70YbQ-unsplash-300x200.jpg 300w, https:\/\/atl-logistique.com\/wp-content\/uploads\/2021\/05\/senegal_aliunix-_koULE70YbQ-unsplash-768x512.jpg 768w, https:\/\/atl-logistique.com\/wp-content\/uploads\/2021\/05\/senegal_aliunix-_koULE70YbQ-unsplash-16x12.jpg 16w\" sizes=\"auto, (max-width: 750px) 100vw, 750px\" \/><\/figure><\/div>\n\n\n\n<p class=\"wp-block-paragraph\">Breakfast at the hotel and early morning departure to visit the national park. Lunch in a typical restaurant, enjoy the national Senegalese chebujen from Saint Louis. Chebujen is prepared from rice and fish with tomatoes and vegetables.<\/p>\n\n\n\n<p class=\"wp-block-paragraph\">After lunch transfer to the town of Saly, where you will arrive late in the afternoon.<br>Included: breakfast, lunch, dinner.<\/p>\n\n\n\n<div style=\"height:42px\" aria-hidden=\"true\" class=\"wp-block-spacer\"><\/div>\n\n\n\n<div class=\"wp-block-columns is-layout-flex wp-container-core-columns-is-layout-8f761849 wp-block-columns-is-layout-flex\">\n<div class=\"wp-block-column is-layout-flow wp-block-column-is-layout-flow\" style=\"flex-basis:100%\">\n<p class=\"wp-block-paragraph\"><strong>28.11 day 8: SALY - INTERNATIONAL AIRPORT - DEPARTURE<\/strong><\/p>\n\n\n\n<p class=\"wp-block-paragraph\">Breakfast at the hotel. Free, relaxing morning and last purchases. Lunch. Transfer to the airport according to the flight time. Flight to Europe and transfer from the airport to Slovenia.<\/p>\n\n\n\n<p class=\"wp-block-paragraph\"><strong>The price of the package per person with accommodation in a double room<\/strong><\/p>\n\n\n\n<p class=\"wp-block-paragraph\">\u2022 for at least 10 people: EUR 790<\/p>\n\n\n\n<p class=\"wp-block-paragraph\">\u2022 for at least 15 people: EUR 755<\/p>\n\n\n\n<p class=\"wp-block-paragraph\">\u2022 supplement for a single room: 96 EUR<\/p>\n\n\n\n<p class=\"wp-block-paragraph\">Applications are accepted by e-mail to: info@abctour.si<\/p>\n<\/div>\n<\/div>\n\n\n\n<figure class=\"wp-block-gallery columns-2 is-cropped wp-block-gallery-4 is-layout-flex wp-block-gallery-is-layout-flex\"><ul class=\"blocks-gallery-grid\"><li class=\"blocks-gallery-item\"><figure><img loading=\"lazy\" decoding=\"async\" width=\"150\" height=\"150\" src=\"https:\/\/atl-logistique.com\/wp-content\/uploads\/2021\/05\/lucas-gouvea-aoEwuEH7YAs-unsplash-150x150.jpg\" alt=\"\" data-id=\"1335\" data-full-url=\"https:\/\/atl-logistique.com\/wp-content\/uploads\/2021\/05\/lucas-gouvea-aoEwuEH7YAs-unsplash.jpg\" data-link=\"https:\/\/atl-logistique.com\/invitation-au-senegal\/lavc57-93-100-10\/\" class=\"wp-image-1335\" srcset=\"https:\/\/atl-logistique.com\/wp-content\/uploads\/2021\/05\/lucas-gouvea-aoEwuEH7YAs-unsplash-150x150.jpg 150w, https:\/\/atl-logistique.com\/wp-content\/uploads\/2021\/05\/lucas-gouvea-aoEwuEH7YAs-unsplash-300x300.jpg 300w\" sizes=\"auto, (max-width: 150px) 100vw, 150px\" \/><figcaption class=\"blocks-gallery-item__caption\">Lavc57.93.100<\/figcaption><\/figure><\/li><li class=\"blocks-gallery-item\"><figure><img loading=\"lazy\" decoding=\"async\" width=\"150\" height=\"150\" src=\"https:\/\/atl-logistique.com\/wp-content\/uploads\/2021\/05\/soncni_zahod_pri_dakarju_jean-karim-dangou-jBLsQqkEFuc-unsplash-150x150.jpg\" alt=\"\" data-id=\"1336\" data-full-url=\"https:\/\/atl-logistique.com\/wp-content\/uploads\/2021\/05\/soncni_zahod_pri_dakarju_jean-karim-dangou-jBLsQqkEFuc-unsplash.jpg\" data-link=\"https:\/\/atl-logistique.com\/invitation-au-senegal\/lavc57-93-100-11\/\" class=\"wp-image-1336\" srcset=\"https:\/\/atl-logistique.com\/wp-content\/uploads\/2021\/05\/soncni_zahod_pri_dakarju_jean-karim-dangou-jBLsQqkEFuc-unsplash-150x150.jpg 150w, https:\/\/atl-logistique.com\/wp-content\/uploads\/2021\/05\/soncni_zahod_pri_dakarju_jean-karim-dangou-jBLsQqkEFuc-unsplash-300x300.jpg 300w\" sizes=\"auto, (max-width: 150px) 100vw, 150px\" \/><figcaption class=\"blocks-gallery-item__caption\">Lavc57.93.100<\/figcaption><\/figure><\/li><\/ul><\/figure>\n\n\n\n<div class=\"wp-block-image\"><figure class=\"alignleft size-large is-resized\"><img loading=\"lazy\" decoding=\"async\" src=\"https:\/\/atl-logistique.com\/wp-content\/uploads\/2021\/05\/carles-martinez-RrvN5DkY9VQ-unsplash-683x1024.jpg\" alt=\"\" class=\"wp-image-1344\" width=\"500\" height=\"750\" srcset=\"https:\/\/atl-logistique.com\/wp-content\/uploads\/2021\/05\/carles-martinez-RrvN5DkY9VQ-unsplash-683x1024.jpg 683w, https:\/\/atl-logistique.com\/wp-content\/uploads\/2021\/05\/carles-martinez-RrvN5DkY9VQ-unsplash-200x300.jpg 200w, https:\/\/atl-logistique.com\/wp-content\/uploads\/2021\/05\/carles-martinez-RrvN5DkY9VQ-unsplash-768x1152.jpg 768w, https:\/\/atl-logistique.com\/wp-content\/uploads\/2021\/05\/carles-martinez-RrvN5DkY9VQ-unsplash-8x12.jpg 8w, https:\/\/atl-logistique.com\/wp-content\/uploads\/2021\/05\/carles-martinez-RrvN5DkY9VQ-unsplash.jpg 1000w\" sizes=\"auto, (max-width: 500px) 100vw, 500px\" \/><\/figure><\/div>\n\n\n\n<p class=\"wp-block-paragraph\">To travel to Senegal, you need a Slovenian passport (or another if you are not a Slovenian citizen) valid for at least 6 months after return.<\/p>\n\n\n\n<p class=\"wp-block-paragraph\">It is also necessary to arrange vaccination against yellow fever. Once you are vaccinated, this applies permanently. Vaccination must be arranged at least 10 days before the trip.<br>You must make an appointment for vaccination at NIJZ (in Slovenia). <\/p>\n\n\n\n<p class=\"wp-block-paragraph\"><\/p>\n\n\n\n<div style=\"height:37px\" aria-hidden=\"true\" class=\"wp-block-spacer\"><\/div>\n\n\n\n<hr class=\"wp-block-separator is-style-wide\"\/>\n\n\n\n<div class=\"wp-block-buttons is-content-justification-center is-layout-flex wp-block-buttons-is-layout-flex\">\n<div class=\"wp-block-button is-style-outline is-style-outline--5\"><a class=\"wp-block-button__link has-vivid-red-color has-white-background-color has-text-color has-background\" href=\"https:\/\/atl-logistique.com\/en\/nous-contacter\/\">CONTACT US<\/a><\/div>\n<\/div>\n\n\n\n<p class=\"wp-block-paragraph\"><\/p>","protected":false},"excerpt":{"rendered":"<p>Chers partenaires, Nous vous invitons au forum de promotion des relations \u00e9conomiques S\u00e9n\u00e9gal \u2013 Slov\u00e9nie avec la pr\u00e9sence de nombreuses [&hellip;]<\/p>\n","protected":false},"author":1,"featured_media":1249,"comment_status":"closed","ping_status":"closed","sticky":false,"template":"","format":"standard","meta":{"_acf_changed":false,"footnotes":""},"categories":[168],"tags":[],"excursions_et_voyages_category":[],"class_list":["post-1298","post","type-post","status-publish","format-standard","has-post-thumbnail","hentry","category-tout-nouvelles"],"acf":[],"yoast_head":"<!-- This site is optimized with the Yoast SEO plugin v28.3 - https:\/\/yoast.com\/product\/yoast-seo-wordpress\/ -->\n<title>Invitation au S\u00e9n\u00e9gal - ATL Logistique | AbcTour &amp; Logistique<\/title>\n<meta name=\"robots\" content=\"index, follow, max-snippet:-1, max-image-preview:large, max-video-preview:-1\" \/>\n<link rel=\"canonical\" href=\"https:\/\/atl-logistique.com\/en\/invitation-au-senegal\/\" \/>\n<meta property=\"og:locale\" content=\"en_GB\" \/>\n<meta property=\"og:type\" content=\"article\" \/>\n<meta property=\"og:title\" content=\"Invitation au S\u00e9n\u00e9gal - ATL Logistique | AbcTour &amp; Logistique\" \/>\n<meta property=\"og:description\" content=\"Chers partenaires, Nous vous invitons au forum de promotion des relations \u00e9conomiques S\u00e9n\u00e9gal \u2013 Slov\u00e9nie avec la pr\u00e9sence de nombreuses [&hellip;]\" \/>\n<meta property=\"og:url\" content=\"https:\/\/atl-logistique.com\/en\/invitation-au-senegal\/\" \/>\n<meta property=\"og:site_name\" content=\"ATL Logistique | AbcTour &amp; Logistique\" \/>\n<meta property=\"article:published_time\" content=\"2021-05-14T19:35:13+00:00\" \/>\n<meta property=\"article:modified_time\" content=\"2021-06-29T18:15:58+00:00\" \/>\n<meta property=\"og:image\" content=\"https:\/\/atl-logistique.com\/wp-content\/uploads\/2021\/05\/slike_ozs_890x501.jpg\" \/>\n\t<meta property=\"og:image:width\" content=\"890\" \/>\n\t<meta property=\"og:image:height\" content=\"501\" \/>\n\t<meta property=\"og:image:type\" content=\"image\/jpeg\" \/>\n<meta name=\"author\" content=\"DavidWaleya\" \/>\n<meta name=\"twitter:card\" content=\"summary_large_image\" \/>\n<meta name=\"twitter:label1\" content=\"Written by\" \/>\n\t<meta name=\"twitter:data1\" content=\"DavidWaleya\" \/>\n\t<meta name=\"twitter:label2\" content=\"Estimated reading time\" \/>\n\t<meta name=\"twitter:data2\" content=\"5 minutes\" \/>\n<script type=\"application\/ld+json\" class=\"yoast-schema-graph\">{\"@context\":\"https:\\\/\\\/schema.org\",\"@graph\":[{\"@type\":\"Article\",\"@id\":\"https:\\\/\\\/atl-logistique.com\\\/invitation-au-senegal\\\/#article\",\"isPartOf\":{\"@id\":\"https:\\\/\\\/atl-logistique.com\\\/invitation-au-senegal\\\/\"},\"author\":{\"name\":\"DavidWaleya\",\"@id\":\"https:\\\/\\\/atl-logistique.com\\\/en\\\/#\\\/schema\\\/person\\\/9eef57e57e24557473a03986cf5594c9\"},\"headline\":\"Invitation au S\u00e9n\u00e9gal\",\"datePublished\":\"2021-05-14T19:35:13+00:00\",\"dateModified\":\"2021-06-29T18:15:58+00:00\",\"mainEntityOfPage\":{\"@id\":\"https:\\\/\\\/atl-logistique.com\\\/invitation-au-senegal\\\/\"},\"wordCount\":1044,\"image\":{\"@id\":\"https:\\\/\\\/atl-logistique.com\\\/invitation-au-senegal\\\/#primaryimage\"},\"thumbnailUrl\":\"https:\\\/\\\/atl-logistique.com\\\/wp-content\\\/uploads\\\/2021\\\/05\\\/slike_ozs_890x501.jpg\",\"articleSection\":[\"Tout nouvelles\"],\"inLanguage\":\"en-GB\"},{\"@type\":\"WebPage\",\"@id\":\"https:\\\/\\\/atl-logistique.com\\\/invitation-au-senegal\\\/\",\"url\":\"https:\\\/\\\/atl-logistique.com\\\/invitation-au-senegal\\\/\",\"name\":\"Invitation au S\u00e9n\u00e9gal - ATL Logistique | AbcTour &amp; Logistique\",\"isPartOf\":{\"@id\":\"https:\\\/\\\/atl-logistique.com\\\/en\\\/#website\"},\"primaryImageOfPage\":{\"@id\":\"https:\\\/\\\/atl-logistique.com\\\/invitation-au-senegal\\\/#primaryimage\"},\"image\":{\"@id\":\"https:\\\/\\\/atl-logistique.com\\\/invitation-au-senegal\\\/#primaryimage\"},\"thumbnailUrl\":\"https:\\\/\\\/atl-logistique.com\\\/wp-content\\\/uploads\\\/2021\\\/05\\\/slike_ozs_890x501.jpg\",\"datePublished\":\"2021-05-14T19:35:13+00:00\",\"dateModified\":\"2021-06-29T18:15:58+00:00\",\"author\":{\"@id\":\"https:\\\/\\\/atl-logistique.com\\\/en\\\/#\\\/schema\\\/person\\\/9eef57e57e24557473a03986cf5594c9\"},\"breadcrumb\":{\"@id\":\"https:\\\/\\\/atl-logistique.com\\\/invitation-au-senegal\\\/#breadcrumb\"},\"inLanguage\":\"en-GB\",\"potentialAction\":[{\"@type\":\"ReadAction\",\"target\":[\"https:\\\/\\\/atl-logistique.com\\\/invitation-au-senegal\\\/\"]}]},{\"@type\":\"ImageObject\",\"inLanguage\":\"en-GB\",\"@id\":\"https:\\\/\\\/atl-logistique.com\\\/invitation-au-senegal\\\/#primaryimage\",\"url\":\"https:\\\/\\\/atl-logistique.com\\\/wp-content\\\/uploads\\\/2021\\\/05\\\/slike_ozs_890x501.jpg\",\"contentUrl\":\"https:\\\/\\\/atl-logistique.com\\\/wp-content\\\/uploads\\\/2021\\\/05\\\/slike_ozs_890x501.jpg\",\"width\":890,\"height\":501,\"caption\":\"Reception de la delegation senegalaise a la chambre de metiers de Slovenie\"},{\"@type\":\"BreadcrumbList\",\"@id\":\"https:\\\/\\\/atl-logistique.com\\\/invitation-au-senegal\\\/#breadcrumb\",\"itemListElement\":[{\"@type\":\"ListItem\",\"position\":1,\"name\":\"Home\",\"item\":\"https:\\\/\\\/atl-logistique.com\\\/en\\\/\"},{\"@type\":\"ListItem\",\"position\":2,\"name\":\"Invitation au S\u00e9n\u00e9gal\"}]},{\"@type\":\"WebSite\",\"@id\":\"https:\\\/\\\/atl-logistique.com\\\/en\\\/#website\",\"url\":\"https:\\\/\\\/atl-logistique.com\\\/en\\\/\",\"name\":\"ATL Logistique | AbcTour &amp; Logistique\",\"description\":\"Tourisme, Logistique, Consultance\",\"potentialAction\":[{\"@type\":\"SearchAction\",\"target\":{\"@type\":\"EntryPoint\",\"urlTemplate\":\"https:\\\/\\\/atl-logistique.com\\\/en\\\/?s={search_term_string}\"},\"query-input\":{\"@type\":\"PropertyValueSpecification\",\"valueRequired\":true,\"valueName\":\"search_term_string\"}}],\"inLanguage\":\"en-GB\"},{\"@type\":\"Person\",\"@id\":\"https:\\\/\\\/atl-logistique.com\\\/en\\\/#\\\/schema\\\/person\\\/9eef57e57e24557473a03986cf5594c9\",\"name\":\"DavidWaleya\",\"image\":{\"@type\":\"ImageObject\",\"inLanguage\":\"en-GB\",\"@id\":\"https:\\\/\\\/secure.gravatar.com\\\/avatar\\\/50fc7b3e084e2f5c27d63478afc0643d897bd796f07bb517f0e87160d9dfa282?s=96&d=mm&r=g\",\"url\":\"https:\\\/\\\/secure.gravatar.com\\\/avatar\\\/50fc7b3e084e2f5c27d63478afc0643d897bd796f07bb517f0e87160d9dfa282?s=96&d=mm&r=g\",\"contentUrl\":\"https:\\\/\\\/secure.gravatar.com\\\/avatar\\\/50fc7b3e084e2f5c27d63478afc0643d897bd796f07bb517f0e87160d9dfa282?s=96&d=mm&r=g\",\"caption\":\"DavidWaleya\"},\"sameAs\":[\"https:\\\/\\\/valeja-gostovanje.eu\"],\"url\":\"https:\\\/\\\/atl-logistique.com\\\/en\\\/author\\\/davidwaleya\\\/\"}]}<\/script>\n<!-- \/ Yoast SEO plugin. -->","yoast_head_json":{"title":"Invitation au S\u00e9n\u00e9gal - ATL Logistique | AbcTour &amp; Logistique","robots":{"index":"index","follow":"follow","max-snippet":"max-snippet:-1","max-image-preview":"max-image-preview:large","max-video-preview":"max-video-preview:-1"},"canonical":"https:\/\/atl-logistique.com\/en\/invitation-au-senegal\/","og_locale":"en_GB","og_type":"article","og_title":"Invitation au S\u00e9n\u00e9gal - ATL Logistique | AbcTour &amp; Logistique","og_description":"Chers partenaires, Nous vous invitons au forum de promotion des relations \u00e9conomiques S\u00e9n\u00e9gal \u2013 Slov\u00e9nie avec la pr\u00e9sence de nombreuses [&hellip;]","og_url":"https:\/\/atl-logistique.com\/en\/invitation-au-senegal\/","og_site_name":"ATL Logistique | AbcTour &amp; Logistique","article_published_time":"2021-05-14T19:35:13+00:00","article_modified_time":"2021-06-29T18:15:58+00:00","og_image":[{"width":890,"height":501,"url":"https:\/\/atl-logistique.com\/wp-content\/uploads\/2021\/05\/slike_ozs_890x501.jpg","type":"image\/jpeg"}],"author":"DavidWaleya","twitter_card":"summary_large_image","twitter_misc":{"Written by":"DavidWaleya","Estimated reading time":"5 minutes"},"schema":{"@context":"https:\/\/schema.org","@graph":[{"@type":"Article","@id":"https:\/\/atl-logistique.com\/invitation-au-senegal\/#article","isPartOf":{"@id":"https:\/\/atl-logistique.com\/invitation-au-senegal\/"},"author":{"name":"DavidWaleya","@id":"https:\/\/atl-logistique.com\/en\/#\/schema\/person\/9eef57e57e24557473a03986cf5594c9"},"headline":"Invitation au S\u00e9n\u00e9gal","datePublished":"2021-05-14T19:35:13+00:00","dateModified":"2021-06-29T18:15:58+00:00","mainEntityOfPage":{"@id":"https:\/\/atl-logistique.com\/invitation-au-senegal\/"},"wordCount":1044,"image":{"@id":"https:\/\/atl-logistique.com\/invitation-au-senegal\/#primaryimage"},"thumbnailUrl":"https:\/\/atl-logistique.com\/wp-content\/uploads\/2021\/05\/slike_ozs_890x501.jpg","articleSection":["Tout nouvelles"],"inLanguage":"en-GB"},{"@type":"WebPage","@id":"https:\/\/atl-logistique.com\/invitation-au-senegal\/","url":"https:\/\/atl-logistique.com\/invitation-au-senegal\/","name":"Invitation au S\u00e9n\u00e9gal - ATL Logistique | AbcTour &amp; Logistique","isPartOf":{"@id":"https:\/\/atl-logistique.com\/en\/#website"},"primaryImageOfPage":{"@id":"https:\/\/atl-logistique.com\/invitation-au-senegal\/#primaryimage"},"image":{"@id":"https:\/\/atl-logistique.com\/invitation-au-senegal\/#primaryimage"},"thumbnailUrl":"https:\/\/atl-logistique.com\/wp-content\/uploads\/2021\/05\/slike_ozs_890x501.jpg","datePublished":"2021-05-14T19:35:13+00:00","dateModified":"2021-06-29T18:15:58+00:00","author":{"@id":"https:\/\/atl-logistique.com\/en\/#\/schema\/person\/9eef57e57e24557473a03986cf5594c9"},"breadcrumb":{"@id":"https:\/\/atl-logistique.com\/invitation-au-senegal\/#breadcrumb"},"inLanguage":"en-GB","potentialAction":[{"@type":"ReadAction","target":["https:\/\/atl-logistique.com\/invitation-au-senegal\/"]}]},{"@type":"ImageObject","inLanguage":"en-GB","@id":"https:\/\/atl-logistique.com\/invitation-au-senegal\/#primaryimage","url":"https:\/\/atl-logistique.com\/wp-content\/uploads\/2021\/05\/slike_ozs_890x501.jpg","contentUrl":"https:\/\/atl-logistique.com\/wp-content\/uploads\/2021\/05\/slike_ozs_890x501.jpg","width":890,"height":501,"caption":"Reception de la delegation senegalaise a la chambre de metiers de Slovenie"},{"@type":"BreadcrumbList","@id":"https:\/\/atl-logistique.com\/invitation-au-senegal\/#breadcrumb","itemListElement":[{"@type":"ListItem","position":1,"name":"Home","item":"https:\/\/atl-logistique.com\/en\/"},{"@type":"ListItem","position":2,"name":"Invitation au S\u00e9n\u00e9gal"}]},{"@type":"WebSite","@id":"https:\/\/atl-logistique.com\/en\/#website","url":"https:\/\/atl-logistique.com\/en\/","name":"ATL Logistique | AbcTour &amp; Logistique","description":"Tourisme, Logistique, Consultance","potentialAction":[{"@type":"SearchAction","target":{"@type":"EntryPoint","urlTemplate":"https:\/\/atl-logistique.com\/en\/?s={search_term_string}"},"query-input":{"@type":"PropertyValueSpecification","valueRequired":true,"valueName":"search_term_string"}}],"inLanguage":"en-GB"},{"@type":"Person","@id":"https:\/\/atl-logistique.com\/en\/#\/schema\/person\/9eef57e57e24557473a03986cf5594c9","name":"DavidWaleya","image":{"@type":"ImageObject","inLanguage":"en-GB","@id":"https:\/\/secure.gravatar.com\/avatar\/50fc7b3e084e2f5c27d63478afc0643d897bd796f07bb517f0e87160d9dfa282?s=96&d=mm&r=g","url":"https:\/\/secure.gravatar.com\/avatar\/50fc7b3e084e2f5c27d63478afc0643d897bd796f07bb517f0e87160d9dfa282?s=96&d=mm&r=g","contentUrl":"https:\/\/secure.gravatar.com\/avatar\/50fc7b3e084e2f5c27d63478afc0643d897bd796f07bb517f0e87160d9dfa282?s=96&d=mm&r=g","caption":"DavidWaleya"},"sameAs":["https:\/\/valeja-gostovanje.eu"],"url":"https:\/\/atl-logistique.com\/en\/author\/davidwaleya\/"}]}},"_links":{"self":[{"href":"https:\/\/atl-logistique.com\/en\/wp-json\/wp\/v2\/posts\/1298","targetHints":{"allow":["GET"]}}],"collection":[{"href":"https:\/\/atl-logistique.com\/en\/wp-json\/wp\/v2\/posts"}],"about":[{"href":"https:\/\/atl-logistique.com\/en\/wp-json\/wp\/v2\/types\/post"}],"author":[{"embeddable":true,"href":"https:\/\/atl-logistique.com\/en\/wp-json\/wp\/v2\/users\/1"}],"replies":[{"embeddable":true,"href":"https:\/\/atl-logistique.com\/en\/wp-json\/wp\/v2\/comments?post=1298"}],"version-history":[{"count":0,"href":"https:\/\/atl-logistique.com\/en\/wp-json\/wp\/v2\/posts\/1298\/revisions"}],"wp:featuredmedia":[{"embeddable":true,"href":"https:\/\/atl-logistique.com\/en\/wp-json\/wp\/v2\/media\/1249"}],"wp:attachment":[{"href":"https:\/\/atl-logistique.com\/en\/wp-json\/wp\/v2\/media?parent=1298"}],"wp:term":[{"taxonomy":"category","embeddable":true,"href":"https:\/\/atl-logistique.com\/en\/wp-json\/wp\/v2\/categories?post=1298"},{"taxonomy":"post_tag","embeddable":true,"href":"https:\/\/atl-logistique.com\/en\/wp-json\/wp\/v2\/tags?post=1298"},{"taxonomy":"excursions_et_voyages_category","embeddable":true,"href":"https:\/\/atl-logistique.com\/en\/wp-json\/wp\/v2\/excursions_et_voyages_category?post=1298"}],"curies":[{"name":"wp","href":"https:\/\/api.w.org\/{rel}","templated":true}]}}